{"id":21530,"date":"2023-10-06T03:04:40","date_gmt":"2023-10-06T03:04:40","guid":{"rendered":"https:\/\/mracasadepan.com\/?p=21530"},"modified":"2025-05-05T14:04:57","modified_gmt":"2025-05-05T14:04:57","slug":"ministerio-de-interseccion","status":"publish","type":"post","link":"https:\/\/mracasadepan.com\/en\/ministerio-de-interseccion\/","title":{"rendered":"Ministry of Intersection"},"content":{"rendered":"<div data-elementor-type=\"wp-post\" data-elementor-id=\"21530\" class=\"elementor elementor-21530\" data-elementor-post-type=\"post\">\n\t\t\t\t\t\t<section class=\"elementor-section elementor-top-section elementor-element elementor-element-5c2c49a elementor-section-boxed elementor-section-height-default elementor-section-height-default wpr-particle-no wpr-jarallax-no wpr-parallax-no wpr-sticky-section-no wpr-equal-height-no\" data-id=\"5c2c49a\" data-element_type=\"section\" data-e-type=\"section\">\n\t\t\t\t\t\t<div class=\"elementor-container elementor-column-gap-default\">\n\t\t\t\t\t<div class=\"elementor-column elementor-col-100 elementor-top-column elementor-element elementor-element-00d16f4\" data-id=\"00d16f4\" data-element_type=\"column\" data-e-type=\"column\">\n\t\t\t<div class=\"elementor-widget-wrap elementor-element-populated\">\n\t\t\t\t\t\t<div class=\"elementor-element elementor-element-470cef5 elementor-widget elementor-widget-heading\" data-id=\"470cef5\" data-element_type=\"widget\" data-e-type=\"widget\" data-widget_type=\"heading.default\">\n\t\t\t\t<div class=\"elementor-widget-container\">\n\t\t\t\t\t<h2 class=\"elementor-heading-title elementor-size-default\">Ministry of Intersection<\/h2>\t\t\t\t<\/div>\n\t\t\t\t<\/div>\n\t\t\t\t<div class=\"elementor-element elementor-element-d9c1926 elementor-widget elementor-widget-image\" data-id=\"d9c1926\" data-element_type=\"widget\" data-e-type=\"widget\" data-widget_type=\"image.default\">\n\t\t\t\t<div class=\"elementor-widget-container\">\n\t\t\t\t\t\t\t\t\t\t\t\t\t\t\t<img fetchpriority=\"high\" decoding=\"async\" width=\"639\" height=\"622\" src=\"https:\/\/mracasadepan.com\/wp-content\/uploads\/2023\/10\/photo_5037572124096703241_x-2.jpg\" class=\"attachment-medium_large size-medium_large wp-image-23124\" alt=\"\" srcset=\"https:\/\/mracasadepan.com\/wp-content\/uploads\/2023\/10\/photo_5037572124096703241_x-2.jpg 639w, https:\/\/mracasadepan.com\/wp-content\/uploads\/2023\/10\/photo_5037572124096703241_x-2-12x12.jpg 12w\" sizes=\"(max-width: 639px) 100vw, 639px\" \/>\t\t\t\t\t\t\t\t\t\t\t\t\t\t\t<\/div>\n\t\t\t\t<\/div>\n\t\t\t\t<div class=\"elementor-element elementor-element-974cdd6 elementor-widget elementor-widget-heading\" data-id=\"974cdd6\" data-element_type=\"widget\" data-e-type=\"widget\" data-widget_type=\"heading.default\">\n\t\t\t\t<div class=\"elementor-widget-container\">\n\t\t\t\t\t<h2 class=\"elementor-heading-title elementor-size-default\">L\u00edderes:  Jose Cotto &amp; Mayra Cotto<\/h2>\t\t\t\t<\/div>\n\t\t\t\t<\/div>\n\t\t\t\t<div class=\"elementor-element elementor-element-30c91dd elementor-widget elementor-widget-image\" data-id=\"30c91dd\" data-element_type=\"widget\" data-e-type=\"widget\" data-widget_type=\"image.default\">\n\t\t\t\t<div class=\"elementor-widget-container\">\n\t\t\t\t\t\t\t\t\t\t\t\t\t\t\t<img decoding=\"async\" width=\"768\" height=\"1184\" src=\"https:\/\/mracasadepan.com\/wp-content\/uploads\/2023\/10\/unnamed-768x1184.jpg\" class=\"attachment-medium_large size-medium_large wp-image-23290\" alt=\"\" srcset=\"https:\/\/mracasadepan.com\/wp-content\/uploads\/2023\/10\/unnamed-768x1184.jpg 768w, https:\/\/mracasadepan.com\/wp-content\/uploads\/2023\/10\/unnamed-8x12.jpg 8w, https:\/\/mracasadepan.com\/wp-content\/uploads\/2023\/10\/unnamed.jpg 872w\" sizes=\"(max-width: 768px) 100vw, 768px\" \/>\t\t\t\t\t\t\t\t\t\t\t\t\t\t\t<\/div>\n\t\t\t\t<\/div>\n\t\t\t\t<div class=\"elementor-element elementor-element-783c046 elementor-widget elementor-widget-text-editor\" data-id=\"783c046\" data-element_type=\"widget\" data-e-type=\"widget\" data-widget_type=\"text-editor.default\">\n\t\t\t\t<div class=\"elementor-widget-container\">\n\t\t\t\t\t\t\t\t\t<p>For where two or three are gathered together in my name, there am I in the midst of them. \u2013 Matthew 18:20<\/p>\t\t\t\t\t\t\t\t<\/div>\n\t\t\t\t<\/div>\n\t\t\t\t<div class=\"elementor-element elementor-element-d1ffef7 elementor-widget elementor-widget-gallery\" data-id=\"d1ffef7\" data-element_type=\"widget\" data-e-type=\"widget\" data-settings=\"{&quot;columns&quot;:2,&quot;lazyload&quot;:&quot;yes&quot;,&quot;gallery_layout&quot;:&quot;grid&quot;,&quot;columns_tablet&quot;:2,&quot;columns_mobile&quot;:1,&quot;gap&quot;:{&quot;unit&quot;:&quot;px&quot;,&quot;size&quot;:10,&quot;sizes&quot;:[]},&quot;gap_tablet&quot;:{&quot;unit&quot;:&quot;px&quot;,&quot;size&quot;:10,&quot;sizes&quot;:[]},&quot;gap_mobile&quot;:{&quot;unit&quot;:&quot;px&quot;,&quot;size&quot;:10,&quot;sizes&quot;:[]},&quot;link_to&quot;:&quot;file&quot;,&quot;aspect_ratio&quot;:&quot;3:2&quot;,&quot;overlay_background&quot;:&quot;yes&quot;,&quot;content_hover_animation&quot;:&quot;fade-in&quot;}\" data-widget_type=\"gallery.default\">\n\t\t\t\t<div class=\"elementor-widget-container\">\n\t\t\t\t\t\t\t<div class=\"elementor-gallery__container\">\n\t\t\t\t\t\t\t<a class=\"e-gallery-item elementor-gallery-item elementor-animated-content\" href=\"https:\/\/mracasadepan.com\/wp-content\/uploads\/2023\/10\/unnamed-1.jpg\" data-elementor-open-lightbox=\"yes\" data-elementor-lightbox-slideshow=\"d1ffef7\" data-elementor-lightbox-title=\"unnamed (1)\" data-e-action-hash=\"#elementor-action%3Aaction%3Dlightbox%26settings%3DeyJpZCI6MjMyOTEsInVybCI6Imh0dHBzOlwvXC9tcmFjYXNhZGVwYW4uY29tXC93cC1jb250ZW50XC91cGxvYWRzXC8yMDIzXC8xMFwvdW5uYW1lZC0xLmpwZyIsInNsaWRlc2hvdyI6ImQxZmZlZjcifQ%3D%3D\">\n\t\t\t\t\t<div class=\"e-gallery-image elementor-gallery-item__image\" data-thumbnail=\"https:\/\/mracasadepan.com\/wp-content\/uploads\/2023\/10\/unnamed-1-768x456.jpg\" data-width=\"768\" data-height=\"456\" aria-label=\"\" role=\"img\" ><\/div>\n\t\t\t\t\t\t\t\t\t\t\t<div class=\"elementor-gallery-item__overlay\"><\/div>\n\t\t\t\t\t\t\t\t\t\t\t\t\t\t<\/a>\n\t\t\t\t\t\t\t<a class=\"e-gallery-item elementor-gallery-item elementor-animated-content\" href=\"https:\/\/mracasadepan.com\/wp-content\/uploads\/2023\/10\/unnamed-2.jpg\" data-elementor-open-lightbox=\"yes\" data-elementor-lightbox-slideshow=\"d1ffef7\" data-elementor-lightbox-title=\"unnamed (2)\" data-e-action-hash=\"#elementor-action%3Aaction%3Dlightbox%26settings%3DeyJpZCI6MjMyOTIsInVybCI6Imh0dHBzOlwvXC9tcmFjYXNhZGVwYW4uY29tXC93cC1jb250ZW50XC91cGxvYWRzXC8yMDIzXC8xMFwvdW5uYW1lZC0yLmpwZyIsInNsaWRlc2hvdyI6ImQxZmZlZjcifQ%3D%3D\">\n\t\t\t\t\t<div class=\"e-gallery-image elementor-gallery-item__image\" data-thumbnail=\"https:\/\/mracasadepan.com\/wp-content\/uploads\/2023\/10\/unnamed-2-768x456.jpg\" data-width=\"768\" data-height=\"456\" aria-label=\"\" role=\"img\" ><\/div>\n\t\t\t\t\t\t\t\t\t\t\t<div class=\"elementor-gallery-item__overlay\"><\/div>\n\t\t\t\t\t\t\t\t\t\t\t\t\t\t<\/a>\n\t\t\t\t\t<\/div>\n\t\t\t\t\t<\/div>\n\t\t\t\t<\/div>\n\t\t\t\t\t<\/div>\n\t\t<\/div>\n\t\t\t\t\t<\/div>\n\t\t<\/section>\n\t\t\t\t<\/div>","protected":false},"excerpt":{"rendered":"<p>Ministerio de Intersecci\u00f3n L\u00edderes: Jose Cotto &#038; Mayra Cotto Porque donde est\u00e1n dos o tres congregados en mi nombre, all\u00ed estoy yo en medio de ellos. &#8211; Mateo 18:20<\/p>","protected":false},"author":1,"featured_media":22045,"comment_status":"closed","ping_status":"closed","sticky":false,"template":"","format":"image","meta":{"iawp_total_views":9,"footnotes":""},"categories":[51],"tags":[7,11,12],"class_list":["post-21530","post","type-post","status-publish","format-image","has-post-thumbnail","hentry","category-ministerios","tag-biblestory","tag-jesus","tag-prayer","post_format-post-format-image"],"yoast_head":"<!-- This site is optimized with the Yoast SEO plugin v27.3 - https:\/\/yoast.com\/product\/yoast-seo-wordpress\/ -->\n<title>Ministerio de Interseccion - MRA Casa de Pan<\/title>\n<meta name=\"description\" content=\"Porque donde est\u00e1n dos o tres congregados en mi nombre, all\u00ed estoy yo en medio de ellos. \u2013 Mateo 18:20\" \/>\n<meta name=\"robots\" content=\"index, follow, max-snippet:-1, max-image-preview:large, max-video-preview:-1\" \/>\n<link rel=\"canonical\" href=\"https:\/\/mracasadepan.com\/en\/ministerio-de-interseccion\/\" \/>\n<meta property=\"og:locale\" content=\"en_US\" \/>\n<meta property=\"og:type\" content=\"article\" \/>\n<meta property=\"og:title\" content=\"Ministerio de Interseccion - MRA Casa de Pan\" \/>\n<meta property=\"og:description\" content=\"Porque donde est\u00e1n dos o tres congregados en mi nombre, all\u00ed estoy yo en medio de ellos. \u2013 Mateo 18:20\" \/>\n<meta property=\"og:url\" content=\"https:\/\/mracasadepan.com\/en\/ministerio-de-interseccion\/\" \/>\n<meta property=\"og:site_name\" content=\"MRA Casa de Pan\" \/>\n<meta property=\"article:publisher\" content=\"https:\/\/www.facebook.com\/mracasadepan\" \/>\n<meta property=\"article:published_time\" content=\"2023-10-06T03:04:40+00:00\" \/>\n<meta property=\"article:modified_time\" content=\"2025-05-05T14:04:57+00:00\" \/>\n<meta property=\"og:image\" content=\"https:\/\/mracasadepan.com\/wp-content\/uploads\/2023\/10\/photo_4981341179601857735_x.jpg\" \/>\n\t<meta property=\"og:image:width\" content=\"758\" \/>\n\t<meta property=\"og:image:height\" content=\"473\" \/>\n\t<meta property=\"og:image:type\" content=\"image\/jpeg\" \/>\n<meta name=\"author\" content=\"admin_edven\" \/>\n<meta name=\"twitter:card\" content=\"summary_large_image\" \/>\n<meta name=\"twitter:label1\" content=\"Written by\" \/>\n\t<meta name=\"twitter:data1\" content=\"admin_edven\" \/>\n\t<meta name=\"twitter:label2\" content=\"Est. reading time\" \/>\n\t<meta name=\"twitter:data2\" content=\"1 minute\" \/>\n<script type=\"application\/ld+json\" class=\"yoast-schema-graph\">{\"@context\":\"https:\\\/\\\/schema.org\",\"@graph\":[{\"@type\":\"Article\",\"@id\":\"https:\\\/\\\/mracasadepan.com\\\/ministerio-de-interseccion\\\/#article\",\"isPartOf\":{\"@id\":\"https:\\\/\\\/mracasadepan.com\\\/ministerio-de-interseccion\\\/\"},\"author\":{\"name\":\"admin_edven\",\"@id\":\"https:\\\/\\\/mracasadepan.com\\\/#\\\/schema\\\/person\\\/cb27020fb17894ae8a1c58df5fe22679\"},\"headline\":\"Ministerio de Interseccion\",\"datePublished\":\"2023-10-06T03:04:40+00:00\",\"dateModified\":\"2025-05-05T14:04:57+00:00\",\"mainEntityOfPage\":{\"@id\":\"https:\\\/\\\/mracasadepan.com\\\/ministerio-de-interseccion\\\/\"},\"wordCount\":33,\"publisher\":{\"@id\":\"https:\\\/\\\/mracasadepan.com\\\/#organization\"},\"image\":{\"@id\":\"https:\\\/\\\/mracasadepan.com\\\/ministerio-de-interseccion\\\/#primaryimage\"},\"thumbnailUrl\":\"https:\\\/\\\/mracasadepan.com\\\/wp-content\\\/uploads\\\/2023\\\/10\\\/photo_4981341179601857735_x.jpg\",\"keywords\":[\"biblestory\",\"jesus\",\"prayer\"],\"articleSection\":[\"Ministerios\"],\"inLanguage\":\"en-US\"},{\"@type\":\"WebPage\",\"@id\":\"https:\\\/\\\/mracasadepan.com\\\/ministerio-de-interseccion\\\/\",\"url\":\"https:\\\/\\\/mracasadepan.com\\\/ministerio-de-interseccion\\\/\",\"name\":\"Ministerio de Interseccion - MRA Casa de Pan\",\"isPartOf\":{\"@id\":\"https:\\\/\\\/mracasadepan.com\\\/#website\"},\"primaryImageOfPage\":{\"@id\":\"https:\\\/\\\/mracasadepan.com\\\/ministerio-de-interseccion\\\/#primaryimage\"},\"image\":{\"@id\":\"https:\\\/\\\/mracasadepan.com\\\/ministerio-de-interseccion\\\/#primaryimage\"},\"thumbnailUrl\":\"https:\\\/\\\/mracasadepan.com\\\/wp-content\\\/uploads\\\/2023\\\/10\\\/photo_4981341179601857735_x.jpg\",\"datePublished\":\"2023-10-06T03:04:40+00:00\",\"dateModified\":\"2025-05-05T14:04:57+00:00\",\"description\":\"Porque donde est\u00e1n dos o tres congregados en mi nombre, all\u00ed estoy yo en medio de ellos. \u2013 Mateo 18:20\",\"breadcrumb\":{\"@id\":\"https:\\\/\\\/mracasadepan.com\\\/ministerio-de-interseccion\\\/#breadcrumb\"},\"inLanguage\":\"en-US\",\"potentialAction\":[{\"@type\":\"ReadAction\",\"target\":[\"https:\\\/\\\/mracasadepan.com\\\/ministerio-de-interseccion\\\/\"]}]},{\"@type\":\"ImageObject\",\"inLanguage\":\"en-US\",\"@id\":\"https:\\\/\\\/mracasadepan.com\\\/ministerio-de-interseccion\\\/#primaryimage\",\"url\":\"https:\\\/\\\/mracasadepan.com\\\/wp-content\\\/uploads\\\/2023\\\/10\\\/photo_4981341179601857735_x.jpg\",\"contentUrl\":\"https:\\\/\\\/mracasadepan.com\\\/wp-content\\\/uploads\\\/2023\\\/10\\\/photo_4981341179601857735_x.jpg\",\"width\":758,\"height\":473},{\"@type\":\"BreadcrumbList\",\"@id\":\"https:\\\/\\\/mracasadepan.com\\\/ministerio-de-interseccion\\\/#breadcrumb\",\"itemListElement\":[{\"@type\":\"ListItem\",\"position\":1,\"name\":\"Portada\",\"item\":\"https:\\\/\\\/mracasadepan.com\\\/\"},{\"@type\":\"ListItem\",\"position\":2,\"name\":\"Ministerio de Interseccion\"}]},{\"@type\":\"WebSite\",\"@id\":\"https:\\\/\\\/mracasadepan.com\\\/#website\",\"url\":\"https:\\\/\\\/mracasadepan.com\\\/\",\"name\":\"MRA Casa de Pan\",\"description\":\"\",\"publisher\":{\"@id\":\"https:\\\/\\\/mracasadepan.com\\\/#organization\"},\"potentialAction\":[{\"@type\":\"SearchAction\",\"target\":{\"@type\":\"EntryPoint\",\"urlTemplate\":\"https:\\\/\\\/mracasadepan.com\\\/?s={search_term_string}\"},\"query-input\":{\"@type\":\"PropertyValueSpecification\",\"valueRequired\":true,\"valueName\":\"search_term_string\"}}],\"inLanguage\":\"en-US\"},{\"@type\":\"Organization\",\"@id\":\"https:\\\/\\\/mracasadepan.com\\\/#organization\",\"name\":\"Iglesia MRA Casa de Pan\",\"url\":\"https:\\\/\\\/mracasadepan.com\\\/\",\"logo\":{\"@type\":\"ImageObject\",\"inLanguage\":\"en-US\",\"@id\":\"https:\\\/\\\/mracasadepan.com\\\/#\\\/schema\\\/logo\\\/image\\\/\",\"url\":\"https:\\\/\\\/mracasadepan.com\\\/wp-content\\\/uploads\\\/2023\\\/10\\\/photo_4933798850867605581_y-1.jpg\",\"contentUrl\":\"https:\\\/\\\/mracasadepan.com\\\/wp-content\\\/uploads\\\/2023\\\/10\\\/photo_4933798850867605581_y-1.jpg\",\"width\":1280,\"height\":837,\"caption\":\"Iglesia MRA Casa de Pan\"},\"image\":{\"@id\":\"https:\\\/\\\/mracasadepan.com\\\/#\\\/schema\\\/logo\\\/image\\\/\"},\"sameAs\":[\"https:\\\/\\\/www.facebook.com\\\/mracasadepan\",\"https:\\\/\\\/www.instagram.com\\\/mracasadepan\\\/?utm_source=qr\",\"https:\\\/\\\/www.youtube.com\\\/@MRACasaDePan\"]},{\"@type\":\"Person\",\"@id\":\"https:\\\/\\\/mracasadepan.com\\\/#\\\/schema\\\/person\\\/cb27020fb17894ae8a1c58df5fe22679\",\"name\":\"admin_edven\",\"image\":{\"@type\":\"ImageObject\",\"inLanguage\":\"en-US\",\"@id\":\"https:\\\/\\\/secure.gravatar.com\\\/avatar\\\/6e801e16bd2e19e82a26ffcecac77be7c00a84ac6fcb1d87204be2326470912e?s=96&d=mm&r=g\",\"url\":\"https:\\\/\\\/secure.gravatar.com\\\/avatar\\\/6e801e16bd2e19e82a26ffcecac77be7c00a84ac6fcb1d87204be2326470912e?s=96&d=mm&r=g\",\"contentUrl\":\"https:\\\/\\\/secure.gravatar.com\\\/avatar\\\/6e801e16bd2e19e82a26ffcecac77be7c00a84ac6fcb1d87204be2326470912e?s=96&d=mm&r=g\",\"caption\":\"admin_edven\"},\"sameAs\":[\"https:\\\/\\\/mracasadepan.com\"],\"url\":\"https:\\\/\\\/mracasadepan.com\\\/en\\\/author\\\/admin_edven\\\/\"}]}<\/script>\n<!-- \/ Yoast SEO plugin. -->","yoast_head_json":{"title":"Ministerio de Interseccion - MRA Casa de Pan","description":"Porque donde est\u00e1n dos o tres congregados en mi nombre, all\u00ed estoy yo en medio de ellos. \u2013 Mateo 18:20","robots":{"index":"index","follow":"follow","max-snippet":"max-snippet:-1","max-image-preview":"max-image-preview:large","max-video-preview":"max-video-preview:-1"},"canonical":"https:\/\/mracasadepan.com\/en\/ministerio-de-interseccion\/","og_locale":"en_US","og_type":"article","og_title":"Ministerio de Interseccion - MRA Casa de Pan","og_description":"Porque donde est\u00e1n dos o tres congregados en mi nombre, all\u00ed estoy yo en medio de ellos. \u2013 Mateo 18:20","og_url":"https:\/\/mracasadepan.com\/en\/ministerio-de-interseccion\/","og_site_name":"MRA Casa de Pan","article_publisher":"https:\/\/www.facebook.com\/mracasadepan","article_published_time":"2023-10-06T03:04:40+00:00","article_modified_time":"2025-05-05T14:04:57+00:00","og_image":[{"width":758,"height":473,"url":"https:\/\/mracasadepan.com\/wp-content\/uploads\/2023\/10\/photo_4981341179601857735_x.jpg","type":"image\/jpeg"}],"author":"admin_edven","twitter_card":"summary_large_image","twitter_misc":{"Written by":"admin_edven","Est. reading time":"1 minute"},"schema":{"@context":"https:\/\/schema.org","@graph":[{"@type":"Article","@id":"https:\/\/mracasadepan.com\/ministerio-de-interseccion\/#article","isPartOf":{"@id":"https:\/\/mracasadepan.com\/ministerio-de-interseccion\/"},"author":{"name":"admin_edven","@id":"https:\/\/mracasadepan.com\/#\/schema\/person\/cb27020fb17894ae8a1c58df5fe22679"},"headline":"Ministerio de Interseccion","datePublished":"2023-10-06T03:04:40+00:00","dateModified":"2025-05-05T14:04:57+00:00","mainEntityOfPage":{"@id":"https:\/\/mracasadepan.com\/ministerio-de-interseccion\/"},"wordCount":33,"publisher":{"@id":"https:\/\/mracasadepan.com\/#organization"},"image":{"@id":"https:\/\/mracasadepan.com\/ministerio-de-interseccion\/#primaryimage"},"thumbnailUrl":"https:\/\/mracasadepan.com\/wp-content\/uploads\/2023\/10\/photo_4981341179601857735_x.jpg","keywords":["biblestory","jesus","prayer"],"articleSection":["Ministerios"],"inLanguage":"en-US"},{"@type":"WebPage","@id":"https:\/\/mracasadepan.com\/ministerio-de-interseccion\/","url":"https:\/\/mracasadepan.com\/ministerio-de-interseccion\/","name":"Ministerio de Interseccion - MRA Casa de Pan","isPartOf":{"@id":"https:\/\/mracasadepan.com\/#website"},"primaryImageOfPage":{"@id":"https:\/\/mracasadepan.com\/ministerio-de-interseccion\/#primaryimage"},"image":{"@id":"https:\/\/mracasadepan.com\/ministerio-de-interseccion\/#primaryimage"},"thumbnailUrl":"https:\/\/mracasadepan.com\/wp-content\/uploads\/2023\/10\/photo_4981341179601857735_x.jpg","datePublished":"2023-10-06T03:04:40+00:00","dateModified":"2025-05-05T14:04:57+00:00","description":"Porque donde est\u00e1n dos o tres congregados en mi nombre, all\u00ed estoy yo en medio de ellos. \u2013 Mateo 18:20","breadcrumb":{"@id":"https:\/\/mracasadepan.com\/ministerio-de-interseccion\/#breadcrumb"},"inLanguage":"en-US","potentialAction":[{"@type":"ReadAction","target":["https:\/\/mracasadepan.com\/ministerio-de-interseccion\/"]}]},{"@type":"ImageObject","inLanguage":"en-US","@id":"https:\/\/mracasadepan.com\/ministerio-de-interseccion\/#primaryimage","url":"https:\/\/mracasadepan.com\/wp-content\/uploads\/2023\/10\/photo_4981341179601857735_x.jpg","contentUrl":"https:\/\/mracasadepan.com\/wp-content\/uploads\/2023\/10\/photo_4981341179601857735_x.jpg","width":758,"height":473},{"@type":"BreadcrumbList","@id":"https:\/\/mracasadepan.com\/ministerio-de-interseccion\/#breadcrumb","itemListElement":[{"@type":"ListItem","position":1,"name":"Portada","item":"https:\/\/mracasadepan.com\/"},{"@type":"ListItem","position":2,"name":"Ministerio de Interseccion"}]},{"@type":"WebSite","@id":"https:\/\/mracasadepan.com\/#website","url":"https:\/\/mracasadepan.com\/","name":"MRA Casa de Pan","description":"","publisher":{"@id":"https:\/\/mracasadepan.com\/#organization"},"potentialAction":[{"@type":"SearchAction","target":{"@type":"EntryPoint","urlTemplate":"https:\/\/mracasadepan.com\/?s={search_term_string}"},"query-input":{"@type":"PropertyValueSpecification","valueRequired":true,"valueName":"search_term_string"}}],"inLanguage":"en-US"},{"@type":"Organization","@id":"https:\/\/mracasadepan.com\/#organization","name":"Iglesia MRA Casa de Pan","url":"https:\/\/mracasadepan.com\/","logo":{"@type":"ImageObject","inLanguage":"en-US","@id":"https:\/\/mracasadepan.com\/#\/schema\/logo\/image\/","url":"https:\/\/mracasadepan.com\/wp-content\/uploads\/2023\/10\/photo_4933798850867605581_y-1.jpg","contentUrl":"https:\/\/mracasadepan.com\/wp-content\/uploads\/2023\/10\/photo_4933798850867605581_y-1.jpg","width":1280,"height":837,"caption":"Iglesia MRA Casa de Pan"},"image":{"@id":"https:\/\/mracasadepan.com\/#\/schema\/logo\/image\/"},"sameAs":["https:\/\/www.facebook.com\/mracasadepan","https:\/\/www.instagram.com\/mracasadepan\/?utm_source=qr","https:\/\/www.youtube.com\/@MRACasaDePan"]},{"@type":"Person","@id":"https:\/\/mracasadepan.com\/#\/schema\/person\/cb27020fb17894ae8a1c58df5fe22679","name":"admin_edven","image":{"@type":"ImageObject","inLanguage":"en-US","@id":"https:\/\/secure.gravatar.com\/avatar\/6e801e16bd2e19e82a26ffcecac77be7c00a84ac6fcb1d87204be2326470912e?s=96&d=mm&r=g","url":"https:\/\/secure.gravatar.com\/avatar\/6e801e16bd2e19e82a26ffcecac77be7c00a84ac6fcb1d87204be2326470912e?s=96&d=mm&r=g","contentUrl":"https:\/\/secure.gravatar.com\/avatar\/6e801e16bd2e19e82a26ffcecac77be7c00a84ac6fcb1d87204be2326470912e?s=96&d=mm&r=g","caption":"admin_edven"},"sameAs":["https:\/\/mracasadepan.com"],"url":"https:\/\/mracasadepan.com\/en\/author\/admin_edven\/"}]}},"_links":{"self":[{"href":"https:\/\/mracasadepan.com\/en\/wp-json\/wp\/v2\/posts\/21530","targetHints":{"allow":["GET"]}}],"collection":[{"href":"https:\/\/mracasadepan.com\/en\/wp-json\/wp\/v2\/posts"}],"about":[{"href":"https:\/\/mracasadepan.com\/en\/wp-json\/wp\/v2\/types\/post"}],"author":[{"embeddable":true,"href":"https:\/\/mracasadepan.com\/en\/wp-json\/wp\/v2\/users\/1"}],"replies":[{"embeddable":true,"href":"https:\/\/mracasadepan.com\/en\/wp-json\/wp\/v2\/comments?post=21530"}],"version-history":[{"count":36,"href":"https:\/\/mracasadepan.com\/en\/wp-json\/wp\/v2\/posts\/21530\/revisions"}],"predecessor-version":[{"id":23301,"href":"https:\/\/mracasadepan.com\/en\/wp-json\/wp\/v2\/posts\/21530\/revisions\/23301"}],"wp:featuredmedia":[{"embeddable":true,"href":"https:\/\/mracasadepan.com\/en\/wp-json\/wp\/v2\/media\/22045"}],"wp:attachment":[{"href":"https:\/\/mracasadepan.com\/en\/wp-json\/wp\/v2\/media?parent=21530"}],"wp:term":[{"taxonomy":"category","embeddable":true,"href":"https:\/\/mracasadepan.com\/en\/wp-json\/wp\/v2\/categories?post=21530"},{"taxonomy":"post_tag","embeddable":true,"href":"https:\/\/mracasadepan.com\/en\/wp-json\/wp\/v2\/tags?post=21530"}],"curies":[{"name":"wp","href":"https:\/\/api.w.org\/{rel}","templated":true}]}}